[{"@context":"https:\/\/schema.org\/","@type":"Article","@id":"https:\/\/www.fontanus.cz\/zajedte-si-tam\/#Article","mainEntityOfPage":"https:\/\/www.fontanus.cz\/zajedte-si-tam\/","headline":"Zaje\u010fte si tam","name":"Zaje\u010fte si tam","description":"Nezb\u00fdv\u00e1, ne\u017e abyste tyto v\u00fdlety absolvovali i ve skute\u010dnosti. Cestov\u00e1n\u00ed je p\u0159ece z\u00e1bava a toulat se p\u011b\u0161ky po les\u00edch a hvozdech na\u0161\u00ed vlasti je p\u0159ece tak n\u00e1dhern\u00e9. \u00a0 Pokud v\u00e1s vylekal \u010dl\u00e1nek o Orl\u00ed sk\u00e1le, kde jsem psal o prudk\u00e9m stoup\u00e1n\u00ed do kopce, kter\u00fd nem\u00e1 konec a nep\u0159\u00edjemn\u00e9m ter\u00e9nu, asi to spousta lid\u00ed vzdalo. Ned\u00e1 [&hellip;]","datePublished":"2023-11-08","dateModified":"2023-11-08","author":{"@type":"Person","@id":"https:\/\/www.fontanus.cz\/author\/#Person","name":"","url":"https:\/\/www.fontanus.cz\/author\/","identifier":1,"image":{"@type":"ImageObject","@id":"https:\/\/secure.gravatar.com\/avatar\/2b882a21216b34ba28e79730eea9356b725e9a0bf9885ae3bedd792ae606fb10?s=96&d=mm&r=g","url":"https:\/\/secure.gravatar.com\/avatar\/2b882a21216b34ba28e79730eea9356b725e9a0bf9885ae3bedd792ae606fb10?s=96&d=mm&r=g","height":96,"width":96}},"publisher":{"@type":"Organization","name":"fontanus.cz","logo":{"@type":"ImageObject","@id":"\/logo.png","url":"\/logo.png","width":600,"height":60}},"image":{"@type":"ImageObject","@id":"https:\/\/www.fontanus.cz\/wp-content\/uploads\/pexels-mali-1196121.jpg","url":"https:\/\/www.fontanus.cz\/wp-content\/uploads\/pexels-mali-1196121.jpg","height":0,"width":0},"url":"https:\/\/www.fontanus.cz\/zajedte-si-tam\/","about":["Cestov\u00e1n\u00ed"],"wordCount":422,"articleBody":"Nezb\u00fdv\u00e1, ne\u017e abyste tyto v\u00fdlety absolvovali i ve skute\u010dnosti. Cestov\u00e1n\u00ed je p\u0159ece z\u00e1bava a toulat se p\u011b\u0161ky po les\u00edch a hvozdech na\u0161\u00ed vlasti je p\u0159ece tak n\u00e1dhern\u00e9. \u00a0Pokud v\u00e1s vylekal \u010dl\u00e1nek o Orl\u00ed sk\u00e1le, kde jsem psal o prudk\u00e9m stoup\u00e1n\u00ed do kopce, kter\u00fd nem\u00e1 konec a nep\u0159\u00edjemn\u00e9m ter\u00e9nu, asi to spousta lid\u00ed vzdalo. Ned\u00e1 mi to tedy, upozornit na je\u0161t\u011b jednu mo\u017enost, jak se tam dostat o drob\u00e1tko pohodln\u011bji, ale je to dost oklika. Toti\u017e kdy\u017e vyjdete z kempu, tak se dejte doprava po cest\u011b, po kter\u00e9 jste sem p\u0159i\u0161li. Nebo p\u0159ijeli to je jedno. U b\u00fdval\u00e9 hospody tedy na prvn\u00ed k\u0159i\u017eovatce se dejte vlevo. Dr\u017ete se asfaltu a pohodln\u011b projdete celu vs\u00ed Kloko\u010d\u016fvek. Tam kde skon\u010d\u00ed asfalt se dr\u017ete modr\u00e9 zna\u010dky, a i kdy\u017e se jakoby zd\u00e1nliv\u011b vrac\u00edte zp\u00e1tky, dr\u017ete se j\u00ed.Pak se to zase prudce oto\u010d\u00ed, ale to u\u017e zna\u010dku pou\u0161t\u00edte z dohledu a pokra\u010dujete rovn\u011b. Ujdete zhruba kilometr a jste pod Orl\u00ed sk\u00e1lou, ov\u0161em z druh\u00e9 strany. Pozn\u00e1te to, \u017ee je tu n\u00e1znak rozd\u011blen\u00ed cesty. Na sk\u00e1lu u\u017e nyn\u00ed vedou jen stezi\u010dky, pokud v\u016fbec. V zim\u011b m\u00e1te probl\u00e9m. V l\u00e9t\u011b v\u0161ak prokli\u010dkujete mezi stromy a jste tam. A\u010dkoli jste u\u0161li z kempu p\u011bt kilometr\u016f, jste nyn\u00ed kousek od n\u011bj. Sta\u010d\u00ed se nevracet se po stop\u00e1ch zp\u00e1tky, ale prost\u011b se spustit dol\u016f. \u00a0Je\u0161t\u011b bych se vr\u00e1til k tomu, co lze vid\u011bt p\u0159\u00edmo ve Sp\u00e1lov\u011b. Tak je to p\u0159edev\u0161\u00edm Kostel svat\u00e9ho Jakuba V\u011bt\u0161\u00edho\u00a0z roku\u00a01734, nebo sochu Jana Nepomuck\u00e9ho. A nedaleko je rezervace Kr\u00e1lovec. Pozor, nepl\u00e9st si to s vrchem u Vala\u0161sk\u00fdch Klobouk\u016f, o kter\u00e9m jste se do\u010detli v minul\u00fdch \u010dl\u00e1nc\u00edch. Tak\u00e9 je zde takov\u00e1 men\u0161\u00ed rarita, toti\u017e chr\u00e1n\u011bn\u00fd zbytek stromu. Je to klen a ji\u017e d\u00e1vno nem\u00e1 v\u011btve. \u00a0V kempu samotn\u00e9m se d\u00e1 dob\u0159e poj\u00edst, jen se mi to zd\u00e1lo studen\u00e9. Pit\u00ed je tak\u00e9 dost, a\u0165 u\u017e v hospod\u011b nebo u pramene \u010dist\u00e9 vody bez chloru a jin\u00fdch fujtajbl\u016f. \u00a0Z\u00e1v\u011brem t\u00e9to pentalogie nezb\u00fdv\u00e1 ne\u017e v\u00e1m pop\u0159\u00e1t hezk\u00fd pobyt a kr\u00e1sn\u00e9 po\u010das\u00ed. \u00a0                                                                                                                                                                                                                                                                                                                                                                                        4.2\/5 - (6 votes)        "},{"@context":"https:\/\/schema.org\/","@type":"BreadcrumbList","itemListElement":[{"@type":"ListItem","position":1,"name":"Zaje\u010fte si tam","item":"https:\/\/www.fontanus.cz\/zajedte-si-tam\/#breadcrumbitem"}]}]