[{"@context":"https:\/\/schema.org\/","@type":"Article","@id":"https:\/\/www.fontanus.cz\/vse-pro-lepsi-domov\/#Article","mainEntityOfPage":"https:\/\/www.fontanus.cz\/vse-pro-lepsi-domov\/","headline":"V\u0161e pro lep\u0161\u00ed domov","name":"V\u0161e pro lep\u0161\u00ed domov","description":"Kdy\u017e u\u017e doma zakop\u00e1v\u00e1te o sk\u0159\u00ed\u0148, \u010di \u017eidle, prostor se n\u011bjak zmen\u0161uje a rodina rozr\u016fst\u00e1, nast\u00e1v\u00e1 \u010das naj\u00edt \u0159e\u0161en\u00ed pro zlep\u0161en\u00ed i zv\u011bt\u0161en\u00ed. Ve va\u0161em p\u0159\u00edpad\u011b mo\u017en\u00e1 pom\u016f\u017ee pouze vym\u011bnit star\u00e9 za\u0159\u00edzen\u00ed za nov\u00e9 a modern\u00ed, p\u0159\u00edmo na m\u00edru. Pokud by ani v\u00fdm\u011bna situaci nevy\u0159e\u0161ila, potom p\u0159ich\u00e1z\u00ed v \u00favahu kompletn\u00ed rekonstrukce. A\u0165 u\u017e sta\u010d\u00ed jedno [&hellip;]","datePublished":"2023-05-24","dateModified":"2024-05-27","author":{"@type":"Person","@id":"https:\/\/www.fontanus.cz\/author\/#Person","name":"","url":"https:\/\/www.fontanus.cz\/author\/","identifier":1,"image":{"@type":"ImageObject","@id":"https:\/\/secure.gravatar.com\/avatar\/2b882a21216b34ba28e79730eea9356b725e9a0bf9885ae3bedd792ae606fb10?s=96&d=mm&r=g","url":"https:\/\/secure.gravatar.com\/avatar\/2b882a21216b34ba28e79730eea9356b725e9a0bf9885ae3bedd792ae606fb10?s=96&d=mm&r=g","height":96,"width":96}},"publisher":{"@type":"Organization","name":"fontanus.cz","logo":{"@type":"ImageObject","@id":"\/logo.png","url":"\/logo.png","width":600,"height":60}},"url":"https:\/\/www.fontanus.cz\/vse-pro-lepsi-domov\/","wordCount":232,"articleBody":"Kdy\u017e u\u017e doma zakop\u00e1v\u00e1te o sk\u0159\u00ed\u0148, \u010di \u017eidle, prostor se n\u011bjak zmen\u0161uje a rodina rozr\u016fst\u00e1, nast\u00e1v\u00e1 \u010das naj\u00edt \u0159e\u0161en\u00ed pro zlep\u0161en\u00ed i zv\u011bt\u0161en\u00ed. Ve va\u0161em p\u0159\u00edpad\u011b mo\u017en\u00e1 pom\u016f\u017ee pouze vym\u011bnit star\u00e9 za\u0159\u00edzen\u00ed za nov\u00e9 a modern\u00ed, p\u0159\u00edmo na m\u00edru. Pokud by ani v\u00fdm\u011bna situaci nevy\u0159e\u0161ila, potom p\u0159ich\u00e1z\u00ed v \u00favahu kompletn\u00ed rekonstrukce. A\u0165 u\u017e sta\u010d\u00ed jedno nebo druh\u00e9, se v\u0161\u00edm v\u00e1m velice r\u00e1d pom\u016f\u017ee a porad\u00ed, bytov\u00fd architekt Hradec Kr\u00e1lov\u00e9. Ud\u011bl\u00e1 v\u00e1m n\u00e1vrh, jak pro \u00fapravu prostor, tak pro za\u0159\u00edzen\u00ed \u0161it\u00e9 na m\u00edru. Krom\u011b n\u00e1vrhu za\u0159\u00edd\u00ed i kompletn\u00ed rekonstrukci, tak\u017ee nebudete m\u00edt \u017e\u00e1dn\u00e9 starosti ani s \u0159emesln\u00edky.\u017d\u00e1dn\u00fd prostor p\u0159ed n\u00edm neute\u010deNelekejte se, nejedn\u00e1 se o \u017e\u00e1dnou katastrofu. Pr\u00e1v\u011b naopak. O ka\u017ed\u00fd prostor se skv\u011ble postar\u00e1 bytov\u00fd architekt Hradec Kr\u00e1lov\u00e9, Josef Budina. Se sv\u00fdm t\u00fdmem pracuje na nejednom projektu a dal do po\u0159\u00e1dku prostory nejedn\u00e9 nemovitosti. Jeho n\u00e1vrhy maj\u00ed \u0159e\u0161en\u00ed pro prostor i modern\u00ed za\u0159\u00edzen\u00ed, kter\u00e9 v\u00e1m nech\u00e1 vyrobit p\u0159\u00edmo na m\u00edru. Obavy z rekonstrukce taky m\u00edt nemus\u00edte, proto\u017ee co za\u010dne, to taky dokon\u010d\u00ed a postar\u00e1 se i o dodavatele.                                                                                                                                                                                                                                                                                                                                                                                        4.1\/5 - (7 votes)        "},{"@context":"https:\/\/schema.org\/","@type":"BreadcrumbList","itemListElement":[{"@type":"ListItem","position":1,"name":"V\u0161e pro lep\u0161\u00ed domov","item":"https:\/\/www.fontanus.cz\/vse-pro-lepsi-domov\/#breadcrumbitem"}]}]