[{"@context":"https:\/\/schema.org\/","@type":"Article","@id":"https:\/\/www.fontanus.cz\/sama-na-deti\/#Article","mainEntityOfPage":"https:\/\/www.fontanus.cz\/sama-na-deti\/","headline":"Sama na d\u011bti","name":"Sama na d\u011bti","description":"S d\u011btmi je to n\u011bkdy opravdu hodn\u011b slo\u017eit\u00e9. A\u00a0to hlavn\u011b, pokud m\u00e1te v\u00edce d\u011bt\u00ed. A\u00a0jestli jste\u00a0nap\u0159\u00edklad otec samo\u017eivitel anebo matka samo\u017eivitelka. Tohle zn\u00e1m samoz\u0159ejm\u011b z vlastn\u00ed zku\u0161enosti. J\u00e1 jsem sedm\u00a0let matka samo\u017eivitelka, ale jsem na to zvykl\u00e1. Proto\u017ee kdy\u017e synovi byl p\u016fl rok, tak partner od n\u00e1s ode\u0161el. Od t\u00e9 doby jsem sama a nem\u011bla [&hellip;]","datePublished":"2023-11-30","dateModified":"2023-11-30","author":{"@type":"Person","@id":"https:\/\/www.fontanus.cz\/author\/#Person","name":"","url":"https:\/\/www.fontanus.cz\/author\/","identifier":1,"image":{"@type":"ImageObject","@id":"https:\/\/secure.gravatar.com\/avatar\/2b882a21216b34ba28e79730eea9356b725e9a0bf9885ae3bedd792ae606fb10?s=96&d=mm&r=g","url":"https:\/\/secure.gravatar.com\/avatar\/2b882a21216b34ba28e79730eea9356b725e9a0bf9885ae3bedd792ae606fb10?s=96&d=mm&r=g","height":96,"width":96}},"publisher":{"@type":"Organization","name":"fontanus.cz","logo":{"@type":"ImageObject","@id":"\/logo.png","url":"\/logo.png","width":600,"height":60}},"image":{"@type":"ImageObject","@id":"https:\/\/www.fontanus.cz\/wp-content\/uploads\/portrait-7217074_1280.jpg","url":"https:\/\/www.fontanus.cz\/wp-content\/uploads\/portrait-7217074_1280.jpg","height":0,"width":0},"url":"https:\/\/www.fontanus.cz\/sama-na-deti\/","about":["D\u011bti"],"wordCount":491,"articleBody":"S d\u011btmi je to n\u011bkdy opravdu hodn\u011b slo\u017eit\u00e9. A\u00a0to hlavn\u011b, pokud m\u00e1te v\u00edce d\u011bt\u00ed. A\u00a0jestli jste\u00a0nap\u0159\u00edklad otec samo\u017eivitel anebo matka samo\u017eivitelka. Tohle zn\u00e1m samoz\u0159ejm\u011b z vlastn\u00ed zku\u0161enosti. J\u00e1 jsem sedm\u00a0let matka samo\u017eivitelka, ale jsem na to zvykl\u00e1. Proto\u017ee kdy\u017e synovi byl p\u016fl rok, tak partner od n\u00e1s ode\u0161el. Od t\u00e9 doby jsem sama a nem\u011bla jsem ani \u017e\u00e1dn\u00e9 rande. Jednodu\u0161e v\u016fbec nic. Jsem st\u00e1le se synem. A potom se je\u0161t\u011b k tomu p\u0159idaly dv\u011b\u00a0dal\u0161\u00ed d\u011bti, ale to sp\u00ed\u0161e bylo takov\u00e9 n\u00e1hodn\u00e9. Ale samoz\u0159ejm\u011b, \u017ee jsem necht\u011bla j\u00edt v\u016fbec na potrat. Tohle v\u016fbec nen\u00ed m\u016fj styl. D\u011bti jsem si nechaly. Jednou\u00a0jsou moje, a tak si je nech\u00e1m. Ale mus\u00edm zase na dal\u0161\u00ed stranu \u0159\u00edct, \u017ee j\u00e1 si v\u016fbec nest\u011b\u017euji. D\u011bti miluji. Je s nimi\u00a0z\u00e1bava a jsou tak\u00e9 slu\u0161n\u011b vychovan\u00e9, tak\u017ee v\u00ed, co maj\u00ed d\u011blat. Anebo v\u00ed, kdy nemaj\u00ed zlobit anebo otravovat, proto\u017ee j\u00e1 m\u00e1m dv\u011b\u00a0zam\u011bstn\u00e1n\u00ed.\u00a0Jedno m\u00e1m na home office a potom do druh\u00e9 pr\u00e1ce chod\u00edm na p\u00e1r hodin na brig\u00e1du do obchodu a d\u011bti v\u00ed, \u017ee kdy\u017e jsem sama a nem\u00e1m \u017e\u00e1dn\u00e9ho partnera a d\u011bti nemaj\u00ed otce. Proto\u017ee jsou na to zvykl\u00e9, tak v\u00ed, \u017ee maminka vlastn\u011b mus\u00ed pracovat. Tak\u00e9\u00a0jsem r\u00e1da, \u017ee m\u00e1m takhle slu\u0161n\u011b a dob\u0159e vychovan\u00e9 d\u011bti, ale tak\u00e9 to nen\u00ed takhle v\u017edycky r\u016f\u017eov\u00e9, t\u0159eba kdy\u017e je n\u011bjak\u00e9 d\u00edt\u011b nemocn\u00e9\u00a0nebo kdy\u017e jsou dv\u011b\u00a0d\u011bti nemocn\u00e9 a vy pot\u0159ebujete j\u00edt n\u011bkam do pr\u00e1ce nebo t\u0159eba s jin\u00fdm d\u00edt\u011btem k l\u00e9ka\u0159i anebo na t\u0159\u00eddn\u00ed sch\u016fzky.V\u017edycky mus\u00edm volat prarodi\u010d\u016fm, jen\u017ee nejhor\u0161\u00ed je, \u017ee prarodi\u010de bydl\u00ed v\u00edce ne\u017e pades\u00e1t kilometr\u016f\u00a0daleko, tak\u017ee je docela hodn\u011b n\u00e1ro\u010dn\u00e9 je t\u0159eba jenom tak z ni\u010deho nic zavolat. Nav\u00edc je\u0161t\u011b otec s matkou chod\u00ed oba dva\u00a0na brig\u00e1dy a na \u010d\u00e1ste\u010dn\u00fd \u00favazek do pr\u00e1ce. Tak jsem si \u0159ekla, \u017ee vlastn\u011b nem\u016f\u017eu potom ka\u017ed\u00fd m\u011bs\u00edc takhle volat, aby z ni\u010deho nic p\u0159ijeli\u00a0mi pohl\u00eddat zbyl\u00e9 d\u011bti. Proto\u017ee p\u0159eci nebudu tahat n\u011bjak\u00e9 opravdu hodn\u011b nemocn\u00e9 d\u00edt\u011b s hore\u010dkami n\u011bkam po m\u011bst\u011b, kdy\u017e budu s jin\u00fdm d\u00edt\u011btem pot\u0159ebovat na t\u0159\u00eddn\u00ed sch\u016fzky nebo t\u0159eba nap\u0159\u00edklad k zuba\u0159i. D\u011bti jsou je\u0161t\u011b mal\u00e9 a mysl\u00edm si, \u017ee by to doma samy takhle nevydr\u017eely, hlavn\u011b ne p\u011btilet\u00e9 a sedmilet\u00e9 d\u00edt\u011b. To je pak nebezpe\u010dn\u00e9.\u00a0                                                                                                                                                                                                                                                                                                                                                                                        5\/5 - (2 votes)        "},{"@context":"https:\/\/schema.org\/","@type":"BreadcrumbList","itemListElement":[{"@type":"ListItem","position":1,"name":"Sama na d\u011bti","item":"https:\/\/www.fontanus.cz\/sama-na-deti\/#breadcrumbitem"}]}]