[{"@context":"https:\/\/schema.org\/","@type":"Blog","@id":"https:\/\/www.fontanus.cz#Blog","headline":"Fontanus","description":"\nA\u0165 u\u017e v\u00e1s tr\u00e1p\u00ed cokoliv, m\u011blo by se hledat a naj\u00edt vhodn\u00e9 \u0159e\u0161en\u00ed takov\u00fdch obt\u00ed\u017e\u00ed. A kde se toto d\u00e1 hledat a naj\u00edt? T\u0159eba zrovna na tomto webu.","url":"https:\/\/www.fontanus.cz","hasPart":[{"@type":"Article","@id":"https:\/\/www.fontanus.cz\/reklama-je-zaklad\/","headline":"Reklama je z\u00e1klad","url":"https:\/\/www.fontanus.cz\/reklama-je-zaklad\/","datePublished":"2024-11-22","dateModified":"2024-10-12","mainEntityOfPage":"https:\/\/www.fontanus.cz\/reklama-je-zaklad\/","author":{"@type":"Person","@id":"https:\/\/www.fontanus.cz\/author\/#Person","name":"","url":"https:\/\/www.fontanus.cz\/author\/","identifier":1,"image":{"@type":"ImageObject","@id":"https:\/\/secure.gravatar.com\/avatar\/2b882a21216b34ba28e79730eea9356b725e9a0bf9885ae3bedd792ae606fb10?s=96&d=mm&r=g","url":"https:\/\/secure.gravatar.com\/avatar\/2b882a21216b34ba28e79730eea9356b725e9a0bf9885ae3bedd792ae606fb10?s=96&d=mm&r=g","height":96,"width":96}},"publisher":{"@type":"Organization","name":"fontanus.cz","logo":{"@type":"ImageObject","@id":"\/logo.png","url":"\/logo.png","width":600,"height":60}},"image":{"@type":"ImageObject","@id":"https:\/\/www.fontanus.cz\/wp-content\/uploads\/pen-816188_640_10_9.jpg","url":"https:\/\/www.fontanus.cz\/wp-content\/uploads\/pen-816188_640_10_9.jpg","height":0,"width":0},"wordCount":695,"keywords":null},{"@type":"Article","@id":"https:\/\/www.fontanus.cz\/uklid-firem-v-praze\/","headline":"\u00daklid firem v Praze","url":"https:\/\/www.fontanus.cz\/uklid-firem-v-praze\/","datePublished":"2024-11-20","dateModified":"2024-11-20","mainEntityOfPage":"https:\/\/www.fontanus.cz\/uklid-firem-v-praze\/","author":{"@type":"Person","@id":"https:\/\/www.fontanus.cz\/author\/#Person","name":"","url":"https:\/\/www.fontanus.cz\/author\/","identifier":1,"image":{"@type":"ImageObject","@id":"https:\/\/secure.gravatar.com\/avatar\/2b882a21216b34ba28e79730eea9356b725e9a0bf9885ae3bedd792ae606fb10?s=96&d=mm&r=g","url":"https:\/\/secure.gravatar.com\/avatar\/2b882a21216b34ba28e79730eea9356b725e9a0bf9885ae3bedd792ae606fb10?s=96&d=mm&r=g","height":96,"width":96}},"publisher":{"@type":"Organization","name":"fontanus.cz","logo":{"@type":"ImageObject","@id":"\/logo.png","url":"\/logo.png","width":600,"height":60}},"image":{"@type":"ImageObject","@id":"https:\/\/www.fontanus.cz\/wp-content\/uploads\/dirt-6752128_640_10_7.jpg","url":"https:\/\/www.fontanus.cz\/wp-content\/uploads\/dirt-6752128_640_10_7.jpg","height":0,"width":0},"wordCount":546,"keywords":null},{"@type":"Article","@id":"https:\/\/www.fontanus.cz\/prohlednete-si-nasi-uzasnou-kolekci-sperku\/","headline":"Prohl\u00e9dn\u011bte si na\u0161i \u00fa\u017easnou kolekci \u0161perk\u016f","url":"https:\/\/www.fontanus.cz\/prohlednete-si-nasi-uzasnou-kolekci-sperku\/","datePublished":"2024-11-15","dateModified":"2024-11-15","mainEntityOfPage":"https:\/\/www.fontanus.cz\/prohlednete-si-nasi-uzasnou-kolekci-sperku\/","author":{"@type":"Person","@id":"https:\/\/www.fontanus.cz\/author\/#Person","name":"","url":"https:\/\/www.fontanus.cz\/author\/","identifier":1,"image":{"@type":"ImageObject","@id":"https:\/\/secure.gravatar.com\/avatar\/2b882a21216b34ba28e79730eea9356b725e9a0bf9885ae3bedd792ae606fb10?s=96&d=mm&r=g","url":"https:\/\/secure.gravatar.com\/avatar\/2b882a21216b34ba28e79730eea9356b725e9a0bf9885ae3bedd792ae606fb10?s=96&d=mm&r=g","height":96,"width":96}},"publisher":{"@type":"Organization","name":"fontanus.cz","logo":{"@type":"ImageObject","@id":"\/logo.png","url":"\/logo.png","width":600,"height":60}},"image":null,"wordCount":210,"keywords":null},{"@type":"Article","@id":"https:\/\/www.fontanus.cz\/pevne-zabradli\/","headline":"Pevn\u00e9 z\u00e1bradl\u00ed","url":"https:\/\/www.fontanus.cz\/pevne-zabradli\/","datePublished":"2024-11-10","dateModified":"2024-11-10","mainEntityOfPage":"https:\/\/www.fontanus.cz\/pevne-zabradli\/","author":{"@type":"Person","@id":"https:\/\/www.fontanus.cz\/author\/#Person","name":"","url":"https:\/\/www.fontanus.cz\/author\/","identifier":1,"image":{"@type":"ImageObject","@id":"https:\/\/secure.gravatar.com\/avatar\/2b882a21216b34ba28e79730eea9356b725e9a0bf9885ae3bedd792ae606fb10?s=96&d=mm&r=g","url":"https:\/\/secure.gravatar.com\/avatar\/2b882a21216b34ba28e79730eea9356b725e9a0bf9885ae3bedd792ae606fb10?s=96&d=mm&r=g","height":96,"width":96}},"publisher":{"@type":"Organization","name":"fontanus.cz","logo":{"@type":"ImageObject","@id":"\/logo.png","url":"\/logo.png","width":600,"height":60}},"image":{"@type":"ImageObject","@id":"https:\/\/www.fontanus.cz\/wp-content\/uploads\/girl-6951519_960_720.jpg","url":"https:\/\/www.fontanus.cz\/wp-content\/uploads\/girl-6951519_960_720.jpg","height":0,"width":0},"wordCount":598,"keywords":null},{"@type":"Article","@id":"https:\/\/www.fontanus.cz\/nase-sluzby-z-oblasti-kanalu-a-potrubi\/","headline":"Na\u0161e slu\u017eby z oblasti kan\u00e1l\u016f a potrub\u00ed","url":"https:\/\/www.fontanus.cz\/nase-sluzby-z-oblasti-kanalu-a-potrubi\/","datePublished":"2024-11-08","dateModified":"2024-11-08","mainEntityOfPage":"https:\/\/www.fontanus.cz\/nase-sluzby-z-oblasti-kanalu-a-potrubi\/","author":{"@type":"Person","@id":"https:\/\/www.fontanus.cz\/author\/#Person","name":"","url":"https:\/\/www.fontanus.cz\/author\/","identifier":1,"image":{"@type":"ImageObject","@id":"https:\/\/secure.gravatar.com\/avatar\/2b882a21216b34ba28e79730eea9356b725e9a0bf9885ae3bedd792ae606fb10?s=96&d=mm&r=g","url":"https:\/\/secure.gravatar.com\/avatar\/2b882a21216b34ba28e79730eea9356b725e9a0bf9885ae3bedd792ae606fb10?s=96&d=mm&r=g","height":96,"width":96}},"publisher":{"@type":"Organization","name":"fontanus.cz","logo":{"@type":"ImageObject","@id":"\/logo.png","url":"\/logo.png","width":600,"height":60}},"image":null,"wordCount":222,"keywords":null},{"@type":"Article","@id":"https:\/\/www.fontanus.cz\/o-prednostech-sidel-firem-v-hlavnim-meste-praze\/","headline":"O p\u0159ednostech s\u00eddel firem v Hlavn\u00edm m\u011bst\u011b Praze","url":"https:\/\/www.fontanus.cz\/o-prednostech-sidel-firem-v-hlavnim-meste-praze\/","datePublished":"2024-11-05","dateModified":"2024-11-05","mainEntityOfPage":"https:\/\/www.fontanus.cz\/o-prednostech-sidel-firem-v-hlavnim-meste-praze\/","author":{"@type":"Person","@id":"https:\/\/www.fontanus.cz\/author\/#Person","name":"","url":"https:\/\/www.fontanus.cz\/author\/","identifier":1,"image":{"@type":"ImageObject","@id":"https:\/\/secure.gravatar.com\/avatar\/2b882a21216b34ba28e79730eea9356b725e9a0bf9885ae3bedd792ae606fb10?s=96&d=mm&r=g","url":"https:\/\/secure.gravatar.com\/avatar\/2b882a21216b34ba28e79730eea9356b725e9a0bf9885ae3bedd792ae606fb10?s=96&d=mm&r=g","height":96,"width":96}},"publisher":{"@type":"Organization","name":"fontanus.cz","logo":{"@type":"ImageObject","@id":"\/logo.png","url":"\/logo.png","width":600,"height":60}},"image":{"@type":"ImageObject","@id":"https:\/\/www.fontanus.cz\/wp-content\/uploads\/city-5818738_640_5.jpg","url":"https:\/\/www.fontanus.cz\/wp-content\/uploads\/city-5818738_640_5.jpg","height":0,"width":0},"wordCount":613,"keywords":null},{"@type":"Article","@id":"https:\/\/www.fontanus.cz\/s-modernimi-kompostery-bude-vsechno-bez-potizi\/","headline":"S modern\u00edmi kompost\u00e9ry bude v\u0161echno bez pot\u00ed\u017e\u00ed","url":"https:\/\/www.fontanus.cz\/s-modernimi-kompostery-bude-vsechno-bez-potizi\/","datePublished":"2024-11-05","dateModified":"2024-11-05","mainEntityOfPage":"https:\/\/www.fontanus.cz\/s-modernimi-kompostery-bude-vsechno-bez-potizi\/","author":{"@type":"Person","@id":"https:\/\/www.fontanus.cz\/author\/#Person","name":"","url":"https:\/\/www.fontanus.cz\/author\/","identifier":1,"image":{"@type":"ImageObject","@id":"https:\/\/secure.gravatar.com\/avatar\/2b882a21216b34ba28e79730eea9356b725e9a0bf9885ae3bedd792ae606fb10?s=96&d=mm&r=g","url":"https:\/\/secure.gravatar.com\/avatar\/2b882a21216b34ba28e79730eea9356b725e9a0bf9885ae3bedd792ae606fb10?s=96&d=mm&r=g","height":96,"width":96}},"publisher":{"@type":"Organization","name":"fontanus.cz","logo":{"@type":"ImageObject","@id":"\/logo.png","url":"\/logo.png","width":600,"height":60}},"image":null,"wordCount":288,"keywords":null},{"@type":"Article","@id":"https:\/\/www.fontanus.cz\/kdyz-dochazkove-systemy-tak-od-nekoho-jako-jsme-my\/","headline":"Kdy\u017e doch\u00e1zkov\u00e9 syst\u00e9my, tak od n\u011bkoho, jako jsme my","url":"https:\/\/www.fontanus.cz\/kdyz-dochazkove-systemy-tak-od-nekoho-jako-jsme-my\/","datePublished":"2024-10-25","dateModified":"2024-10-25","mainEntityOfPage":"https:\/\/www.fontanus.cz\/kdyz-dochazkove-systemy-tak-od-nekoho-jako-jsme-my\/","author":{"@type":"Person","@id":"https:\/\/www.fontanus.cz\/author\/#Person","name":"","url":"https:\/\/www.fontanus.cz\/author\/","identifier":1,"image":{"@type":"ImageObject","@id":"https:\/\/secure.gravatar.com\/avatar\/2b882a21216b34ba28e79730eea9356b725e9a0bf9885ae3bedd792ae606fb10?s=96&d=mm&r=g","url":"https:\/\/secure.gravatar.com\/avatar\/2b882a21216b34ba28e79730eea9356b725e9a0bf9885ae3bedd792ae606fb10?s=96&d=mm&r=g","height":96,"width":96}},"publisher":{"@type":"Organization","name":"fontanus.cz","logo":{"@type":"ImageObject","@id":"\/logo.png","url":"\/logo.png","width":600,"height":60}},"image":null,"wordCount":292,"keywords":null},{"@type":"Article","@id":"https:\/\/www.fontanus.cz\/skutecne-vzrostl-pocet-autistickych-a-adhd-deti\/","headline":"Skute\u010dn\u011b vzrostl po\u010det autistick\u00fdch a ADHD d\u011bt\u00ed?","url":"https:\/\/www.fontanus.cz\/skutecne-vzrostl-pocet-autistickych-a-adhd-deti\/","datePublished":"2024-10-23","dateModified":"2024-10-23","mainEntityOfPage":"https:\/\/www.fontanus.cz\/skutecne-vzrostl-pocet-autistickych-a-adhd-deti\/","author":{"@type":"Person","@id":"https:\/\/www.fontanus.cz\/author\/#Person","name":"","url":"https:\/\/www.fontanus.cz\/author\/","identifier":1,"image":{"@type":"ImageObject","@id":"https:\/\/secure.gravatar.com\/avatar\/2b882a21216b34ba28e79730eea9356b725e9a0bf9885ae3bedd792ae606fb10?s=96&d=mm&r=g","url":"https:\/\/secure.gravatar.com\/avatar\/2b882a21216b34ba28e79730eea9356b725e9a0bf9885ae3bedd792ae606fb10?s=96&d=mm&r=g","height":96,"width":96}},"publisher":{"@type":"Organization","name":"fontanus.cz","logo":{"@type":"ImageObject","@id":"\/logo.png","url":"\/logo.png","width":600,"height":60}},"image":{"@type":"ImageObject","@id":"https:\/\/www.fontanus.cz\/wp-content\/uploads\/bazen6_10_10_10_10_10_10_10_10_9.jpg","url":"https:\/\/www.fontanus.cz\/wp-content\/uploads\/bazen6_10_10_10_10_10_10_10_10_9.jpg","height":0,"width":0},"wordCount":508,"keywords":null},{"@type":"Article","@id":"https:\/\/www.fontanus.cz\/neco-o-zenach\/","headline":"N\u011bco o \u017een\u00e1ch","url":"https:\/\/www.fontanus.cz\/neco-o-zenach\/","datePublished":"2024-10-23","dateModified":"2024-10-23","mainEntityOfPage":"https:\/\/www.fontanus.cz\/neco-o-zenach\/","author":{"@type":"Person","@id":"https:\/\/www.fontanus.cz\/author\/#Person","name":"","url":"https:\/\/www.fontanus.cz\/author\/","identifier":1,"image":{"@type":"ImageObject","@id":"https:\/\/secure.gravatar.com\/avatar\/2b882a21216b34ba28e79730eea9356b725e9a0bf9885ae3bedd792ae606fb10?s=96&d=mm&r=g","url":"https:\/\/secure.gravatar.com\/avatar\/2b882a21216b34ba28e79730eea9356b725e9a0bf9885ae3bedd792ae606fb10?s=96&d=mm&r=g","height":96,"width":96}},"publisher":{"@type":"Organization","name":"fontanus.cz","logo":{"@type":"ImageObject","@id":"\/logo.png","url":"\/logo.png","width":600,"height":60}},"image":{"@type":"ImageObject","@id":"https:\/\/www.fontanus.cz\/wp-content\/uploads\/%C5%BEena%20bohyn%C4%9B%20a%20vnit%C5%99n%C3%AD%20%C5%BEena.jpg","url":"https:\/\/www.fontanus.cz\/wp-content\/uploads\/%C5%BEena%20bohyn%C4%9B%20a%20vnit%C5%99n%C3%AD%20%C5%BEena.jpg","height":0,"width":0},"wordCount":609,"keywords":null}]},{"@context":"https:\/\/schema.org","@type":"WebSite","@id":"https:\/\/www.fontanus.cz\/#website","name":"Fontanus","url":"https:\/\/www.fontanus.cz","potentialAction":{"@type":"SearchAction","target":"https:\/\/www.fontanus.cz\/?s={search_term_string}","query-input":"required name=search_term_string"}}]