[{"@context":"https:\/\/schema.org\/","@type":"Article","@id":"https:\/\/www.fontanus.cz\/kolagen-je-pro-telo-dulezity\/#Article","mainEntityOfPage":"https:\/\/www.fontanus.cz\/kolagen-je-pro-telo-dulezity\/","headline":"Kolagen je pro t\u011blo d\u016fle\u017eit\u00fd!","name":"Kolagen je pro t\u011blo d\u016fle\u017eit\u00fd!","description":"V posledn\u00ed dob\u011b jste zaznamenali, \u017ee m\u00e1te daleko v\u00edce vr\u00e1sek, ne\u017e tomu bylo p\u0159ed p\u00e1r m\u011bs\u00edci nebo roky? Poj\u010fme s t\u00edm n\u011bco kone\u010dn\u011b ud\u011blat, a to je\u0161t\u011b dnes! Ka\u017ed\u00fd \u010dlov\u011bk pot\u0159ebuje vy\u017eivovat pravideln\u011b sv\u00e9 t\u011blo. Jenom\u017ee mnoz\u00ed z n\u00e1s na to zkr\u00e1tka ka\u0161lou a rad\u011bji si tak dop\u0159ej\u00ed n\u011bco nezdrav\u00e9ho. Jednou za \u010das to nevad\u00ed, [&hellip;]","datePublished":"2022-10-11","dateModified":"2022-10-11","author":{"@type":"Person","@id":"https:\/\/www.fontanus.cz\/author\/#Person","name":"","url":"https:\/\/www.fontanus.cz\/author\/","identifier":1,"image":{"@type":"ImageObject","@id":"https:\/\/secure.gravatar.com\/avatar\/2b882a21216b34ba28e79730eea9356b725e9a0bf9885ae3bedd792ae606fb10?s=96&d=mm&r=g","url":"https:\/\/secure.gravatar.com\/avatar\/2b882a21216b34ba28e79730eea9356b725e9a0bf9885ae3bedd792ae606fb10?s=96&d=mm&r=g","height":96,"width":96}},"publisher":{"@type":"Organization","name":"fontanus.cz","logo":{"@type":"ImageObject","@id":"\/logo.png","url":"\/logo.png","width":600,"height":60}},"image":{"@type":"ImageObject","@id":"https:\/\/www.fontanus.cz\/wp-content\/uploads\/swimmer-g8e199f967_640.jpg","url":"https:\/\/www.fontanus.cz\/wp-content\/uploads\/swimmer-g8e199f967_640.jpg","height":0,"width":0},"url":"https:\/\/www.fontanus.cz\/kolagen-je-pro-telo-dulezity\/","about":["N\u00e1kupy"],"wordCount":475,"articleBody":"   V posledn\u00ed dob\u011b jste zaznamenali, \u017ee m\u00e1te daleko v\u00edce vr\u00e1sek, ne\u017e tomu bylo p\u0159ed p\u00e1r m\u011bs\u00edci nebo roky? Poj\u010fme s t\u00edm n\u011bco kone\u010dn\u011b ud\u011blat, a to je\u0161t\u011b dnes! Ka\u017ed\u00fd \u010dlov\u011bk pot\u0159ebuje vy\u017eivovat pravideln\u011b sv\u00e9 t\u011blo. Jenom\u017ee mnoz\u00ed z n\u00e1s na to zkr\u00e1tka ka\u0161lou a rad\u011bji si tak dop\u0159ej\u00ed n\u011bco nezdrav\u00e9ho. Jednou za \u010das to nevad\u00ed, ale pokud je to pravideln\u011b tak to na n\u00e1\u0161 organismus nem\u00e1 dobr\u00fd vliv. Nav\u00edc po 25. roce \u017eivota se sni\u017euje tvorba kolagenu v na\u0161em t\u011ble a my si tak mus\u00edme dop\u0159\u00e1vat nejen potraviny bohat\u00e9 na kolagen, ale tak\u00e9 t\u0159eba i n\u011bjak\u00e9 ty dopl\u0148ky, pokud m\u00e1me nepravideln\u00fd, a nav\u00edc \u0161patn\u00fd j\u00eddeln\u00ed\u010dek, ze kter\u00e9ho nav\u00edc na\u0161e t\u011blo nen\u00ed schopno \u010derpat pot\u0159ebn\u00e9 \u017eiviny. Kolagen je pro na\u0161e t\u011blo d\u016fle\u017eit\u00fd nejen na klouby, vlasy, nehty, ale tak\u00e9 na celkov\u00e9 fungov\u00e1n\u00ed na\u0161eho t\u011bla. Denn\u011b chod\u00edme, nam\u00e1h\u00e1me nohy, svaly a celkov\u011b na\u0161e t\u011blo, ale u\u017e si neuv\u011bdomuje, \u017ee na\u0161e t\u011blo je jako auto, ve kter\u00e9m tak pravideln\u011b jezd\u00edme do na\u0161\u00ed pr\u00e1ce. Pokud n\u00e1m v na\u0161em aut\u011b dojde benz\u00edn, tak jej dopln\u00edme, jestli\u017ee v\u0161ak je n\u011bco \u0161patn\u011b, pot\u00e9 ihned zajedeme k automechanikovi a nech\u00e1me si auto spravit. Na tom sam\u00e9m principu funguje na\u0161e t\u011blo. Pro\u010d tedy sp\u011bchat do l\u00e9k\u00e1rny pro pr\u00e1\u0161ky na bolest nebo r\u016fzn\u00e9 kr\u00e9my, kter\u00e9 n\u00e1m maj\u00ed, a to p\u0159ev\u00e1\u017en\u011b \u017een\u00e1m pomoci od vr\u00e1sek? Poj\u010fme doplnit do t\u011bla skv\u011bl\u00fd kolagen, kter\u00fd n\u00e1m tak pom\u016f\u017ee zevnit\u0159 a my nebudeme muset kupovat dal\u0161\u00ed z\u00e1zra\u010dn\u00e9 v\u011bci, kter\u00e9 n\u00e1m akor\u00e1t okr\u00e1daj\u00ed na\u0161i pen\u011b\u017eenku. Na\u0161e t\u011blo se n\u00e1m zajist\u00e9 nav\u00edc odvd\u011b\u010d\u00ed t\u00edm, \u017ee budeme vypadat skv\u011ble, a nav\u00edc se tak i budeme c\u00edtit. U n\u00e1s najdete to nejlep\u0161\u00ed, co jste si kdy mohli p\u0159edstavit, a nav\u00edc za skv\u011blou cenu. N\u00e1\u0161 kolagen a kyselina hyaluronov\u00e1 jsou vz\u00e1jemn\u011b propojeni, a tak spolu skv\u011ble funguj\u00ed. Nebo snad v\u00edte o n\u011bkom, kdo m\u00e1 podobn\u00fd nebo snad dokonce stejn\u00fd probl\u00e9m jako vy? Poj\u010fte do toho spole\u010dn\u011b, a tak uk\u00e1\u017eete nejen sv\u00e9 rodiny, ale tak\u00e9 i t\u0159eba koleg\u016fm z pr\u00e1ce nebo i sv\u00fdm soused\u016fm, \u017ee se m\u016f\u017eete c\u00edtit skv\u011ble a vypadat, a to bez jak\u00fdchkoliv masti\u010dek, kter\u00e9 tak pro v\u00e1s t\u0159eba ani nejsou dostate\u010dn\u011b vhodn\u00e9.                                                                                                                                                                                                                                                                                                                                                                                          3.5\/5 - (2 votes)        "},{"@context":"https:\/\/schema.org\/","@type":"BreadcrumbList","itemListElement":[{"@type":"ListItem","position":1,"name":"Kolagen je pro t\u011blo d\u016fle\u017eit\u00fd!","item":"https:\/\/www.fontanus.cz\/kolagen-je-pro-telo-dulezity\/#breadcrumbitem"}]}]