[{"@context":"https:\/\/schema.org\/","@type":"Article","@id":"https:\/\/www.fontanus.cz\/kdyz-leto-skonci\/#Article","mainEntityOfPage":"https:\/\/www.fontanus.cz\/kdyz-leto-skonci\/","headline":"Kdy\u017e l\u00e9to skon\u010d\u00ed","name":"Kdy\u017e l\u00e9to skon\u010d\u00ed","description":"V\u0161echno m\u00e1 sv\u016fj konec. To, co se n\u00e1m l\u00edb\u00ed a s \u010d\u00edm m\u00e1me spojen\u00e9 p\u0159\u00edjemn\u00e9 z\u00e1\u017eitky, ute\u010de mnohem rychleji. P\u0159\u00edjemn\u00e9 po\u010das\u00ed spojen\u00e9 s koup\u00e1n\u00edm a relaxov\u00e1n\u00edm u vody \u010dasto trv\u00e1 od \u010dasn\u00e9ho jara do pozdn\u00edho podzimu. Ale jednou to bude naposled. P\u0159ijde \u010das ulo\u017eit plavky do sk\u0159\u00edn\u011b a vybrat si ze \u0161atn\u00edku pon\u011bkud teplej\u0161\u00ed oble\u010den\u00ed. [&hellip;]","datePublished":"2024-12-08","dateModified":"2024-12-08","author":{"@type":"Person","@id":"https:\/\/www.fontanus.cz\/author\/#Person","name":"","url":"https:\/\/www.fontanus.cz\/author\/","identifier":1,"image":{"@type":"ImageObject","@id":"https:\/\/secure.gravatar.com\/avatar\/2b882a21216b34ba28e79730eea9356b725e9a0bf9885ae3bedd792ae606fb10?s=96&d=mm&r=g","url":"https:\/\/secure.gravatar.com\/avatar\/2b882a21216b34ba28e79730eea9356b725e9a0bf9885ae3bedd792ae606fb10?s=96&d=mm&r=g","height":96,"width":96}},"publisher":{"@type":"Organization","name":"fontanus.cz","logo":{"@type":"ImageObject","@id":"\/logo.png","url":"\/logo.png","width":600,"height":60}},"url":"https:\/\/www.fontanus.cz\/kdyz-leto-skonci\/","wordCount":292,"articleBody":"V\u0161echno m\u00e1 sv\u016fj konec. To, co se n\u00e1m l\u00edb\u00ed a s \u010d\u00edm m\u00e1me spojen\u00e9 p\u0159\u00edjemn\u00e9 z\u00e1\u017eitky, ute\u010de mnohem rychleji. P\u0159\u00edjemn\u00e9 po\u010das\u00ed spojen\u00e9 s koup\u00e1n\u00edm a relaxov\u00e1n\u00edm u vody \u010dasto trv\u00e1 od \u010dasn\u00e9ho jara do pozdn\u00edho podzimu. Ale jednou to bude naposled. P\u0159ijde \u010das ulo\u017eit plavky do sk\u0159\u00edn\u011b a vybrat si ze \u0161atn\u00edku pon\u011bkud teplej\u0161\u00ed oble\u010den\u00ed. Starost byste v\u0161ak m\u011bli projevit nejen o sebe ale myslet je nutn\u00e9 rovn\u011b\u017e na vodu. Zazimov\u00e1n\u00ed baz\u00e9nu m\u00e1 sv\u00e1 pravidla a rozhodn\u011b nen\u00ed dobr\u00e9 tuto p\u0159\u00edpravu na novou sezonu podce\u0148ovat. Jestli chcete na ja\u0159e odstartovat vodn\u00ed radov\u00e1nky v pohod\u011b, tak byste nem\u011bli zanedbat nic, co v\u00e1m to umo\u017en\u00ed. P\u0159e\u010dkat \u010das nepohody L\u00e9to budi\u017e pochv\u00e1leno. S t\u00edmto ro\u010dn\u00edm obdob\u00edm se d\u00e1 jen t\u011b\u017eko soupe\u0159it. I kdy\u017e ta zb\u00fdvaj\u00edc\u00ed se sna\u017e\u00ed uk\u00e1zat sv\u00e9 p\u0159\u00edjemn\u00e9 str\u00e1nky, na l\u00e9to prost\u011b nemaj\u00ed. Slun\u00ed\u010dko, teplo, sv\u011btlo, voda. Tak by se dalo v stru\u010dnosti shrnout to, co nejv\u00edc boduje. A kdo m\u00e1 vodu u domu, ten m\u00e1 o pohodu postar\u00e1no. Nic v\u0161ak nen\u00ed zadarmo. Krom\u011b radosti p\u0159in\u00e1\u0161\u00ed\u00ed p\u00e9\u010de o tato relaxa\u010dn\u00ed za\u0159\u00edzen\u00ed i nemal\u00e9 starosti. A to nejen b\u011bhem sezony ale i po jej\u00edm skon\u010den\u00ed. Zazimov\u00e1n\u00ed baz\u00e9nu je posledn\u00ed velmi d\u016fle\u017eit\u00fd krok, d\u00edky kter\u00e9mu p\u0159e\u010dk\u00e1 va\u0161e mini koupali\u0161t\u011b obdob\u00ed mimo provoz v pohod\u011b. A jestli nev\u00edte, jak na to, tak si zajd\u011bte pro radu k odborn\u00edk\u016fm.                                                                                                                                                                                                                                                                                                                                                                                        4\/5 - (2 votes)        "},{"@context":"https:\/\/schema.org\/","@type":"BreadcrumbList","itemListElement":[{"@type":"ListItem","position":1,"name":"Kdy\u017e l\u00e9to skon\u010d\u00ed","item":"https:\/\/www.fontanus.cz\/kdyz-leto-skonci\/#breadcrumbitem"}]}]