[{"@context":"https:\/\/schema.org\/","@type":"Article","@id":"https:\/\/www.fontanus.cz\/kdo-umi-ten-umi\/#Article","mainEntityOfPage":"https:\/\/www.fontanus.cz\/kdo-umi-ten-umi\/","headline":"Kdo um\u00ed, ten um\u00ed","name":"Kdo um\u00ed, ten um\u00ed","description":"Traduje se, \u017ee bychom se m\u011bli dob\u0159e u\u010dit, abychom to n\u011bkam dot\u00e1hli. A plat\u00ed to, jakkoliv u n\u00e1s tato my\u0161lenka u\u017e hodn\u011b degradovala. Nap\u0159ed jsme sice tento n\u00e1zor vyzn\u00e1vali, proto\u017ee n\u011bco skute\u010dn\u011b znamenal, jen\u017ee jsme si sou\u010dasn\u011b \u0159\u00edkali, \u017ee je k\u00a0tomu z\u00e1rove\u0148 nutn\u00e9 b\u00fdt i spr\u00e1vn\u011b politicky anga\u017eovan\u00ed, respektive \u017ee \u0159emesln\u00edk si vyd\u011bl\u00e1 v\u00edc ne\u017e [&hellip;]","datePublished":"2023-12-31","dateModified":"2023-12-31","author":{"@type":"Person","@id":"https:\/\/www.fontanus.cz\/author\/#Person","name":"","url":"https:\/\/www.fontanus.cz\/author\/","identifier":1,"image":{"@type":"ImageObject","@id":"https:\/\/secure.gravatar.com\/avatar\/2b882a21216b34ba28e79730eea9356b725e9a0bf9885ae3bedd792ae606fb10?s=96&d=mm&r=g","url":"https:\/\/secure.gravatar.com\/avatar\/2b882a21216b34ba28e79730eea9356b725e9a0bf9885ae3bedd792ae606fb10?s=96&d=mm&r=g","height":96,"width":96}},"publisher":{"@type":"Organization","name":"fontanus.cz","logo":{"@type":"ImageObject","@id":"\/logo.png","url":"\/logo.png","width":600,"height":60}},"image":{"@type":"ImageObject","@id":"https:\/\/www.fontanus.cz\/wp-content\/uploads\/r%20(1).jpg","url":"https:\/\/www.fontanus.cz\/wp-content\/uploads\/r%20(1).jpg","height":0,"width":0},"url":"https:\/\/www.fontanus.cz\/kdo-umi-ten-umi\/","about":["Vzd\u011bl\u00e1n\u00ed"],"wordCount":463,"articleBody":"Traduje se, \u017ee bychom se m\u011bli dob\u0159e u\u010dit, abychom to n\u011bkam dot\u00e1hli. A plat\u00ed to, jakkoliv u n\u00e1s tato my\u0161lenka u\u017e hodn\u011b degradovala. Nap\u0159ed jsme sice tento n\u00e1zor vyzn\u00e1vali, proto\u017ee n\u011bco skute\u010dn\u011b znamenal, jen\u017ee jsme si sou\u010dasn\u011b \u0159\u00edkali, \u017ee je k\u00a0tomu z\u00e1rove\u0148 nutn\u00e9 b\u00fdt i spr\u00e1vn\u011b politicky anga\u017eovan\u00ed, respektive \u017ee \u0159emesln\u00edk si vyd\u011bl\u00e1 v\u00edc ne\u017e vzd\u011blan\u00fd \u010dlov\u011bk, a dnes se zd\u00e1, \u017ee tento n\u00e1zor plat\u00ed je\u0161t\u011b m\u00e9n\u011b, proto\u017ee se kdekdo \u0159\u00edd\u00ed z\u00e1sadou, \u017ee hlavn\u00ed je um\u011bt si urvat co nejv\u00edc pen\u011bz, a rozumov\u00e1 \u00farove\u0148 je druho\u0159ad\u00e1. Ale po\u0159\u00e1d je\u0161t\u011b m\u00e1 vzd\u011bl\u00e1n\u00ed sv\u016fj v\u00fdznam. Kdy\u017e si \u010dlov\u011bk spr\u00e1vn\u011b vybere sv\u016fj obor.A je\u0161t\u011b d\u016fle\u017eit\u011bj\u0161\u00ed je vzd\u011bl\u00e1n\u00ed v\u00a0chud\u0161\u00edch, rozvojov\u00fdch zem\u00edch. Tam toto \u010dasto rozhoduje o tom, zda a jak se bude \u010dlov\u011bku a jeho rodin\u011b \u017e\u00edt. A tak m\u00e1 t\u0159eba v\u00a0Jihoafrick\u00e9 republice vzd\u011bl\u00e1n\u00ed velk\u00fd v\u00fdznam. \u010c\u00edm lep\u0161\u00ed \u0161kolu tam \u010dlov\u011bk absolvuje, t\u00edm m\u00e1 lep\u0161\u00ed vyhl\u00eddky do budoucna, na rozd\u00edl od t\u011bch, kdo nav\u0161t\u011bvuj\u00ed \u0161koly notn\u011b nereprezentativn\u00ed, p\u0159epln\u011bn\u00e9 a mizern\u011b vybaven\u00e9. O t\u011bch, kdo do \u0161koly nechod\u00ed, u\u017e ani nemluv\u011b.Uk\u00e1zkov\u00fdm p\u0159\u00edkladem touhy po vzd\u011bl\u00e1n\u00ed je t\u0159eba Ronuschka. T\u00e1hne j\u00ed na osmn\u00e1ct let, chyst\u00e1 se na Grade 12, co\u017e by se dalo p\u0159irovnat k\u00a0ukon\u010den\u00ed na\u0161\u00ed st\u0159edn\u00ed \u0161koly, a je t\u00edm pr\u00fd hodn\u011b zam\u011bstnan\u00e1. Co\u017e nejen chce, ale tak\u00e9 mus\u00ed. Proto\u017ee je jej\u00ed bydli\u0161t\u011b i \u0161kola Bridgton secondary school ve m\u011bste\u010dku Oudtshoorn. A co je v\u00a0Oudtshoornu zapadl\u00e9m mezi horami? Hlavn\u011b p\u0161tros\u00ed farmy, zem\u011bd\u011blstv\u00ed, minimum zpracovatelsk\u00fdch z\u00e1vod\u016f, p\u00e1r obchod\u016f, \u00fa\u0159ad\u016f a firem, a t\u00edm to v\u00a0podstat\u011b kon\u010d\u00ed. Tak\u017ee se tam slu\u0161n\u00e1 nebo aspo\u0148 n\u011bjak\u00e1 pr\u00e1ce na v\u0161echny nedostane. A p\u0159itom se tam po pr\u00e1ci tou\u017e\u00ed. Proto\u017ee pr\u00e1ce je jist\u00e1 ob\u017eiva, kterou ti nezam\u011bstnan\u00ed nemaj\u00ed.A Ronuschka chce m\u00edt lep\u0161\u00ed budoucnost. Ve sv\u00e9 \u0161koln\u00ed uniform\u011b toti\u017e sice vypad\u00e1 dob\u0159e, ale jinak \u017eije v\u00a0chud\u00e9 \u010d\u00e1sti tohoto m\u011bste\u010dka, v\u00a0dom\u011b, kter\u00fd by kdekdo z\u00a0n\u00e1s ani nenazval domem. Tedy v\u00a0primitivn\u00ed boud\u011b, kde nem\u00edvaj\u00ed ani elekt\u0159inu. Proto\u017ee na ni nemaj\u00ed pen\u00edze. A jenom se vzd\u011bl\u00e1n\u00edm j\u00ed t\u0159eba jednou bude l\u00edp. Je to sice nejist\u00e9, ale je to nad\u011bje. Kterou tam ti bez vzd\u011bl\u00e1n\u00ed nemaj\u00ed.                                                                                                                                                                                                                                                                                                                                                                                        3.7\/5 - (4 votes)        "},{"@context":"https:\/\/schema.org\/","@type":"BreadcrumbList","itemListElement":[{"@type":"ListItem","position":1,"name":"Kdo um\u00ed, ten um\u00ed","item":"https:\/\/www.fontanus.cz\/kdo-umi-ten-umi\/#breadcrumbitem"}]}]