[{"@context":"https:\/\/schema.org\/","@type":"Article","@id":"https:\/\/www.fontanus.cz\/jeste-se-nepereme\/#Article","mainEntityOfPage":"https:\/\/www.fontanus.cz\/jeste-se-nepereme\/","headline":"Je\u0161t\u011b se nepereme","name":"Je\u0161t\u011b se nepereme","description":"Lidi se u n\u00e1s maj\u00ed r\u016fzn\u011b. N\u011bkdo se m\u00e1 tady v\u00a0\u010cesku l\u00edp a n\u011bkdo zase h\u016f\u0159. A n\u011bkdo taky p\u0159\u00edmo skv\u011ble a n\u011bkdo mizern\u011b. A tak se \u010dasto neshodneme, kdy\u017e se spolu o n\u011b\u010dem bav\u00edme. Na\u0161e spole\u010dnost je tedy rozd\u011blen\u00e1 na skupiny lid\u00ed, kte\u0159\u00ed si navz\u00e1jem rozum\u00ed, ale s\u00a0ostatn\u00edmi skupinami nenal\u00e9zaj\u00ed spole\u010dnou \u0159e\u010d.\u00a0Kdy\u017e dneska sly\u0161\u00edme [&hellip;]","datePublished":"2022-08-23","dateModified":"2022-08-23","author":{"@type":"Person","@id":"https:\/\/www.fontanus.cz\/author\/#Person","name":"","url":"https:\/\/www.fontanus.cz\/author\/","identifier":1,"image":{"@type":"ImageObject","@id":"https:\/\/secure.gravatar.com\/avatar\/2b882a21216b34ba28e79730eea9356b725e9a0bf9885ae3bedd792ae606fb10?s=96&d=mm&r=g","url":"https:\/\/secure.gravatar.com\/avatar\/2b882a21216b34ba28e79730eea9356b725e9a0bf9885ae3bedd792ae606fb10?s=96&d=mm&r=g","height":96,"width":96}},"publisher":{"@type":"Organization","name":"fontanus.cz","logo":{"@type":"ImageObject","@id":"\/logo.png","url":"\/logo.png","width":600,"height":60}},"image":{"@type":"ImageObject","@id":"https:\/\/www.fontanus.cz\/wp-content\/uploads\/spole%C4%8Dnost2.jpg","url":"https:\/\/www.fontanus.cz\/wp-content\/uploads\/spole%C4%8Dnost2.jpg","height":0,"width":0},"url":"https:\/\/www.fontanus.cz\/jeste-se-nepereme\/","about":["Spole\u010dnost"],"wordCount":414,"articleBody":"Lidi se u n\u00e1s maj\u00ed r\u016fzn\u011b. N\u011bkdo se m\u00e1 tady v\u00a0\u010cesku l\u00edp a n\u011bkdo zase h\u016f\u0159. A n\u011bkdo taky p\u0159\u00edmo skv\u011ble a n\u011bkdo mizern\u011b. A tak se \u010dasto neshodneme, kdy\u017e se spolu o n\u011b\u010dem bav\u00edme. Na\u0161e spole\u010dnost je tedy rozd\u011blen\u00e1 na skupiny lid\u00ed, kte\u0159\u00ed si navz\u00e1jem rozum\u00ed, ale s\u00a0ostatn\u00edmi skupinami nenal\u00e9zaj\u00ed spole\u010dnou \u0159e\u010d.\u00a0Kdy\u017e dneska sly\u0161\u00edme lidi, co sly\u0161\u00edme? N\u011bkdo \u0159\u00edk\u00e1, \u017ee bude volit ANO, \u017ee to ud\u011blalo n\u011bco pro lidi, kdy\u017e pro n\u011b nikdo jin\u00fd nehnul ani prstem. A jin\u00fd \u0159\u00edk\u00e1, \u017ee zrovna ANO volit nebude, \u017ee to neud\u011blalo pro lidi nic, zato proti lidem hodn\u011b. \u017de zav\u0159elo podniky, p\u0159ipravilo lidi o pr\u00e1ci a pak je korumpovalo st\u00e1tn\u00edmi d\u00e1vkami a zruinovalo st\u00e1t.N\u011bkdo \u0159\u00edk\u00e1, \u017ee bude volit t\u0159eba ODS. \u017de to je jedin\u00e1 s\u00edla, kter\u00e1 proti ANO dok\u00e1\u017ee usp\u011bt a kter\u00e1 je jin\u00e1. A n\u011bkdo zase \u0159\u00edk\u00e1, \u017ee je ODS strana mafi\u00e1n\u016f a kdy\u017e ji nech\u00e1me vl\u00e1dnout s\u00a0p\u011btikoalic\u00ed, pom\u0159eme hlady.N\u011bkdo bude volit t\u0159eba komunisty. V\u017edy\u0165 za nich se m\u011bli v\u0161ichni stejn\u011b, za nich jsme nem\u011bli ani \u017eebr\u00e1ky, ani nezam\u011bstnan\u00e9, chodilo se d\u0159\u00edv do d\u016fchodu a byli jsme sob\u011bsta\u010dn\u00ed. A dal\u0161\u00ed komunisty prokl\u00ednaj\u00ed, s\u00a0t\u00edm, \u017ee za nich byli v\u0161ichni \u017eebr\u00e1ci a nav\u00edc otroci re\u017eimu, a \u017ee jsme za nich m\u011bli sotva polopr\u00e1zdn\u00e9 obchody a miz\u00e9rii.Pro n\u011bkoho je hybnou silou pokroku SPD, a pro jin\u00e9ho je to banda extr\u00e9mist\u016f a sluh\u016f Kremlu.N\u011bkdo bude volit pochybn\u00e9 politick\u00e9 slepence, kter\u00e9 sotva dok\u00e1\u017eou usp\u011bt, v\u00a0nad\u011bji na zm\u011bnu, jin\u00fd jimi opovrhuje jako n\u011bk\u00fdm, kdo vznikl \u00fa\u010delov\u011b a nevydr\u017e\u00ed.A kdy\u017e u\u017e jsme u voleb, jsou tu lidi, co cht\u011bj\u00ed za prezidenta ka\u017edou chv\u00edli n\u011bkoho jin\u00e9ho. A pro a proti se taky v\u017edycky najdou argumenty. Kter\u00e9 na\u0161i spole\u010dnost rozd\u011bluj\u00ed. Do povolebn\u00ed doby. Kdy zase zjist\u00edme, \u017ee se toho spousta nesplnila a zase budeme jednotn\u011bj\u0161\u00ed. A budeme jednotn\u011b nad\u00e1vat na to, co jsme si tu zvolili. A\u017e do dal\u0161\u00edch voleb, kdy se na\u0161i lidi zase do\u010dasn\u011b rozkmot\u0159\u00ed. A tak po\u0159\u00e1d dokole\u010dka.                                                                                                                                                                                                                                                                                                                                                                                        4.5\/5 - (6 votes)        "},{"@context":"https:\/\/schema.org\/","@type":"BreadcrumbList","itemListElement":[{"@type":"ListItem","position":1,"name":"Je\u0161t\u011b se nepereme","item":"https:\/\/www.fontanus.cz\/jeste-se-nepereme\/#breadcrumbitem"}]}]